{"id":704,"date":"2016-05-31T17:48:19","date_gmt":"2016-05-31T16:48:19","guid":{"rendered":"http:\/\/bahrain.ro\/blog\/?p=704"},"modified":"2016-05-31T19:50:49","modified_gmt":"2016-05-31T18:50:49","slug":"bundesregierung-besorgt-ueber-urteil-gegen-bahrainischen-oppositionsfuehrer","status":"publish","type":"post","link":"https:\/\/www.bahrain.ro\/blog\/2016\/05\/bundesregierung-besorgt-ueber-urteil-gegen-bahrainischen-oppositionsfuehrer\/","title":{"rendered":"Bundesregierung besorgt \u00fcber Urteil gegen bahrainischen Oppositionsf\u00fchrer"},"content":{"rendered":"<p>Zu dem Urteil eines bahrainischen Gerichts gegen den Generalsekret\u00e4r der Oppositionspartei Al Wefaq, Sheikh Ali Salman, erkl\u00e4rte ein Sprecher des Ausw\u00e4rtigen Amtes heute (31.05.):<!--more--><\/p>\n<p>&#8222;Wir bedauern dieses harte Urteil gegen den F\u00fchrer der Oppositionspartei. Es gibt ernste Zweifel, ob bei dem Verfahren rechtsstaatliche Grunds\u00e4tze eingehalten wurden. Es steht zu bef\u00fcrchten, dass dies die Wiederaufnahme des Nationalen Dialogs zus\u00e4tzlich erschwert.<br \/>\nDer Vers\u00f6hnungsprozess zwischen Schiiten und Sunniten in Bahrain muss fortgesetzt werden. Langfristige Stabilit\u00e4t und Wohlstand in Bahrain sind nur m\u00f6glich auf Grundlage von Rechtsstaatlichkeit, Pluralismus, und der Achtung der Menschenrechte. Dies schlie\u00dft das Recht auf freie Meinungs\u00e4u\u00dferung mit ein.&#8220;<\/p>\n<p>Hintergrund: Der Generalsekret\u00e4r von Al Wefaq, der wichtigsten Oppositionspartei in Bahrain, Shaikh Ali Salman, wurde am 30.5. letztinstanzlich zu 9 Jahren Haft verurteilt. Damit wurde das urspr\u00fcngliche Strafma\u00df von 4 Jahren erheblich erh\u00f6ht. Die Anklagepunkte waren Aufruf zum gewaltsamen Regierungsumsturz, Hetze gegen ausl\u00e4ndische Mitb\u00fcrger, Anstiftung zum Gesetzesbruch und Verunglimpfung der Regierung. Sheikh Ali Salman befindet sich bereits seit 1 \u00bd Jahren in Haft.<\/p>\n<p><a href=\"http:\/\/www.auswaertiges-amt.de\" target=\"_blank\">www.auswaertiges-amt.de<\/a><\/p>\n","protected":false},"excerpt":{"rendered":"<p>Zu dem Urteil eines bahrainischen Gerichts gegen den Generalsekret\u00e4r der Oppositionspartei Al Wefaq, Sheikh Ali Salman, erkl\u00e4rte ein Sprecher des Ausw\u00e4rtigen Amtes heute (31.05.):<\/p>\n","protected":false},"author":172,"featured_media":0,"comment_status":"open","ping_status":"closed","sticky":false,"template":"","format":"standard","meta":{"jetpack_post_was_ever_published":false,"_jetpack_newsletter_access":"","_jetpack_dont_email_post_to_subs":false,"_jetpack_newsletter_tier_id":0,"_jetpack_memberships_contains_paywalled_content":false,"_jetpack_memberships_contains_paid_content":false,"footnotes":""},"categories":[32],"tags":[362],"class_list":["post-704","post","type-post","status-publish","format-standard","hentry","category-deutsche-botschaft","tag-shaikh-ali-salman","entry"],"jetpack_featured_media_url":"","jetpack_sharing_enabled":true,"_links":{"self":[{"href":"https:\/\/www.bahrain.ro\/blog\/wp-json\/wp\/v2\/posts\/704","targetHints":{"allow":["GET"]}}],"collection":[{"href":"https:\/\/www.bahrain.ro\/blog\/wp-json\/wp\/v2\/posts"}],"about":[{"href":"https:\/\/www.bahrain.ro\/blog\/wp-json\/wp\/v2\/types\/post"}],"author":[{"embeddable":true,"href":"https:\/\/www.bahrain.ro\/blog\/wp-json\/wp\/v2\/users\/172"}],"replies":[{"embeddable":true,"href":"https:\/\/www.bahrain.ro\/blog\/wp-json\/wp\/v2\/comments?post=704"}],"version-history":[{"count":2,"href":"https:\/\/www.bahrain.ro\/blog\/wp-json\/wp\/v2\/posts\/704\/revisions"}],"predecessor-version":[{"id":706,"href":"https:\/\/www.bahrain.ro\/blog\/wp-json\/wp\/v2\/posts\/704\/revisions\/706"}],"wp:attachment":[{"href":"https:\/\/www.bahrain.ro\/blog\/wp-json\/wp\/v2\/media?parent=704"}],"wp:term":[{"taxonomy":"category","embeddable":true,"href":"https:\/\/www.bahrain.ro\/blog\/wp-json\/wp\/v2\/categories?post=704"},{"taxonomy":"post_tag","embeddable":true,"href":"https:\/\/www.bahrain.ro\/blog\/wp-json\/wp\/v2\/tags?post=704"}],"curies":[{"name":"wp","href":"https:\/\/api.w.org\/{rel}","templated":true}]}}