{"id":49,"date":"2011-09-30T12:59:35","date_gmt":"2011-09-30T11:59:35","guid":{"rendered":"http:\/\/bahrain.ro\/blog\/?p=49"},"modified":"2011-09-30T20:16:59","modified_gmt":"2011-09-30T19:16:59","slug":"bahrain-in-der-tagesschau","status":"publish","type":"post","link":"https:\/\/www.bahrain.ro\/blog\/2011\/09\/bahrain-in-der-tagesschau\/","title":{"rendered":"Bahrain in der Tagesschau"},"content":{"rendered":"<p>Fr\u00fcher freute ich mich immer, wenn es etwas \u00fcber Bahrain im deutschen TV gab. Heute bin ich weniger gl\u00fccklich.<\/p>\n<p>Die <a title=\"Tagesschau, Bahrain\" href=\"http:\/\/www.tagesschau.de\/ausland\/bahrain230.html\" target=\"_blank\">Tagesschau<\/a> berichtete gestern \u00fcber das Todesurteil an einem Demonstranten, der angeblich einen Polizisten get\u00f6tet haben soll. Weiterhin wurden die verh\u00e4ngten, langj\u00e4hrigen Haftstrafen der \u00c4rzte des Salmaniya Hospitals verurteilt. Der ARD Korrespondent war zu Zeiten der Unruhen pers\u00f6nlich im Krankenhaus anwesend und bestreitet die Vorw\u00fcrfe des Milit\u00e4rgerichts auf Sch\u00e4rfste.<\/p>\n<p>Alle Verurteilten haben die M\u00f6glichkeit, sich an ein Zivilrecht zu wenden. Ich hoffe, K\u00f6nig Hamad wird einschreiten und die Verurteilten begnadigen. Viele von ihnen\u00a0 werden aber auch schon heute gebrochene Menschen sein, nach der \u00fcber halbj\u00e4hrigen Haft in grauenhaften Zust\u00e4nden.<\/p>\n<figure id=\"attachment_51\" aria-describedby=\"caption-attachment-51\" style=\"width: 220px\" class=\"wp-caption alignleft\"><a href=\"http:\/\/bahrain.ro\/blog\/wp-content\/uploads\/2011\/09\/Bahrain-Pearl-Roundabout.jpg\"><img loading=\"lazy\" decoding=\"async\" class=\"size-full wp-image-51\" title=\"Bahrain Lulu\" src=\"http:\/\/bahrain.ro\/blog\/wp-content\/uploads\/2011\/09\/Bahrain-Pearl-Roundabout.jpg\" alt=\"Hier fing der Protest am Valentinstag 2011 an\" width=\"220\" height=\"130\" \/><\/a><figcaption id=\"caption-attachment-51\" class=\"wp-caption-text\">Hier fing der Protest am Valentinstag 2011 an<\/figcaption><\/figure>\n<p>Hier fing alles an, am &#8222;Lulu&#8220;, dem Pearl Roundabout in Manama<\/p>\n","protected":false},"excerpt":{"rendered":"<p>Fr\u00fcher freute ich mich immer, wenn es etwas \u00fcber Bahrain im deutschen TV gab. Heute bin ich weniger gl\u00fccklich. Die Tagesschau berichtete gestern \u00fcber das Todesurteil an einem Demonstranten, der angeblich einen Polizisten get\u00f6tet haben soll. Weiterhin wurden die verh\u00e4ngten, langj\u00e4hrigen Haftstrafen der \u00c4rzte des Salmaniya Hospitals verurteilt. Der ARD Korrespondent war zu Zeiten der&hellip; <a class=\"more-link\" href=\"https:\/\/www.bahrain.ro\/blog\/2011\/09\/bahrain-in-der-tagesschau\/\"><span class=\"screen-reader-text\">Bahrain in der Tagesschau<\/span> weiterlesen<\/a><\/p>\n","protected":false},"author":172,"featured_media":0,"comment_status":"open","ping_status":"closed","sticky":false,"template":"","format":"standard","meta":{"jetpack_post_was_ever_published":false,"_jetpack_newsletter_access":"","_jetpack_dont_email_post_to_subs":false,"_jetpack_newsletter_tier_id":0,"_jetpack_memberships_contains_paywalled_content":false,"_jetpack_memberships_contains_paid_content":false,"footnotes":""},"categories":[5],"tags":[13,22,17,20,19,21],"class_list":["post-49","post","type-post","status-publish","format-standard","hentry","category-yalla-bahrain-in-und-uber-bahrain","tag-bahrain","tag-lulu","tag-pearl-roundabout","tag-protest","tag-tagesschau","tag-todesstrafe","entry"],"jetpack_featured_media_url":"","jetpack_sharing_enabled":true,"_links":{"self":[{"href":"https:\/\/www.bahrain.ro\/blog\/wp-json\/wp\/v2\/posts\/49","targetHints":{"allow":["GET"]}}],"collection":[{"href":"https:\/\/www.bahrain.ro\/blog\/wp-json\/wp\/v2\/posts"}],"about":[{"href":"https:\/\/www.bahrain.ro\/blog\/wp-json\/wp\/v2\/types\/post"}],"author":[{"embeddable":true,"href":"https:\/\/www.bahrain.ro\/blog\/wp-json\/wp\/v2\/users\/172"}],"replies":[{"embeddable":true,"href":"https:\/\/www.bahrain.ro\/blog\/wp-json\/wp\/v2\/comments?post=49"}],"version-history":[{"count":4,"href":"https:\/\/www.bahrain.ro\/blog\/wp-json\/wp\/v2\/posts\/49\/revisions"}],"predecessor-version":[{"id":53,"href":"https:\/\/www.bahrain.ro\/blog\/wp-json\/wp\/v2\/posts\/49\/revisions\/53"}],"wp:attachment":[{"href":"https:\/\/www.bahrain.ro\/blog\/wp-json\/wp\/v2\/media?parent=49"}],"wp:term":[{"taxonomy":"category","embeddable":true,"href":"https:\/\/www.bahrain.ro\/blog\/wp-json\/wp\/v2\/categories?post=49"},{"taxonomy":"post_tag","embeddable":true,"href":"https:\/\/www.bahrain.ro\/blog\/wp-json\/wp\/v2\/tags?post=49"}],"curies":[{"name":"wp","href":"https:\/\/api.w.org\/{rel}","templated":true}]}}