{"id":403,"date":"2014-06-18T17:31:43","date_gmt":"2014-06-18T16:31:43","guid":{"rendered":"http:\/\/bahrain.ro\/blog\/?p=403"},"modified":"2014-09-05T20:01:23","modified_gmt":"2014-09-05T19:01:23","slug":"am-28-juni-beginnt-der-ramadan","status":"publish","type":"post","link":"https:\/\/www.bahrain.ro\/blog\/2014\/06\/am-28-juni-beginnt-der-ramadan\/","title":{"rendered":"Am 28. Juni beginnt der Ramadan"},"content":{"rendered":"<p>Vom 28. Juni bis zum 28. Juli gelten f\u00fcr Muslime die Regeln des Fastenmonats Ramadan. Was das mit Arbeitssicherheit und Gesundheitsschutz am Arbeitsplatz zu tun hat, erkl\u00e4rt die Berufsgenossenschaft Nahrungsmittel und Gastgewerbe.<br \/>\nAuslegung und Aus\u00fcbung der islamischen Glaubensregeln sind zwar individuell unterschiedlich. Von Sonnenauf- bis -untergang weder zu essen noch zu trinken, kommt aber im Hinblick auf den Arbeitsplatz gro\u00dfe Bedeutung zu. Denn nicht nur bei schwerer k\u00f6rperlicher Arbeit kann an warmen Sommertagen vor allem die reduzierte Fl\u00fcssigkeitsaufnahme zu verringerter Belastbarkeit, schnellerer Erm\u00fcdung, Konzentrations- und Kreislaufst\u00f6rungen f\u00fchren. So berichten diverse wissenschaftliche Untersuchungen beispielsweise <!--more-->in muslimischen L\u00e4ndern von der <strong>dramatischen Zunahme der Stra\u00dfenverkehrsunf\u00e4lle w\u00e4hrend des Ramadan<\/strong>.<br \/>\nUnternehmer, F\u00fchrungskr\u00e4fte, Kollegen und besonders alle mit der Arbeitssicherheit im Betrieb Betrauten sind also gefordert, sich hinsichtlich der Arbeitsorganisation auf die Aspekte des gelebten Glaubens ihrer muslimischen Mitarbeiter und Kollegen einzustellen und, wie Muslime selbst auch, verantwortungsvoll damit umzugehen. Erleichtert wird das durch die Kenntnis der entsprechenden Regeln des Ramadan, das Wissen um eventuell auftretende Ver\u00e4nderungen und eine erh\u00f6hte Sensibilit\u00e4t gegen\u00fcber den muslimischen Mitarbeitern.<br \/>\nAber ganz gleich welche Ma\u00dfnahmen ein Unternehmen bei der Schichteinteilung, den Pausenregelungen oder der Urlaubsplanung ergreift, um seine muslimischen Besch\u00e4ftigten in der Aus\u00fcbung ihres Glaubens zu unterst\u00fctzen, gelten von Seiten der gesetzlichen Unfallversicherung w\u00e4hrend des Ramadan dieselben rechtlichen Grundlagen wie f\u00fcr den Rest des Jahres.<br \/>\nZahlreiche Beispiele und Ideen zur Vereinbarkeit von Arbeit und Ramadan bietet die Brosch\u00fcre \u201eGesund arbeiten w\u00e4hrend des Ramadans\u201c der Initiative Gesundheit und Arbeit (iga) unter www.iga-info.de.<\/p>\n","protected":false},"excerpt":{"rendered":"<p>Vom 28. Juni bis zum 28. Juli gelten f\u00fcr Muslime die Regeln des Fastenmonats Ramadan. Was das mit Arbeitssicherheit und Gesundheitsschutz am Arbeitsplatz zu tun hat, erkl\u00e4rt die Berufsgenossenschaft Nahrungsmittel und Gastgewerbe. Auslegung und Aus\u00fcbung der islamischen Glaubensregeln sind zwar individuell unterschiedlich. Von Sonnenauf- bis -untergang weder zu essen noch zu trinken, kommt aber im&hellip; <a class=\"more-link\" href=\"https:\/\/www.bahrain.ro\/blog\/2014\/06\/am-28-juni-beginnt-der-ramadan\/\"><span class=\"screen-reader-text\">Am 28. Juni beginnt der Ramadan<\/span> weiterlesen<\/a><\/p>\n","protected":false},"author":172,"featured_media":0,"comment_status":"open","ping_status":"closed","sticky":false,"template":"","format":"standard","meta":{"jetpack_post_was_ever_published":false,"_jetpack_newsletter_access":"","_jetpack_dont_email_post_to_subs":false,"_jetpack_newsletter_tier_id":0,"_jetpack_memberships_contains_paywalled_content":false,"_jetpack_memberships_contains_paid_content":false,"footnotes":""},"categories":[45,5],"tags":[196],"class_list":["post-403","post","type-post","status-publish","format-standard","hentry","category-kultur","category-yalla-bahrain-in-und-uber-bahrain","tag-ramadan","entry"],"jetpack_featured_media_url":"","jetpack_sharing_enabled":true,"_links":{"self":[{"href":"https:\/\/www.bahrain.ro\/blog\/wp-json\/wp\/v2\/posts\/403","targetHints":{"allow":["GET"]}}],"collection":[{"href":"https:\/\/www.bahrain.ro\/blog\/wp-json\/wp\/v2\/posts"}],"about":[{"href":"https:\/\/www.bahrain.ro\/blog\/wp-json\/wp\/v2\/types\/post"}],"author":[{"embeddable":true,"href":"https:\/\/www.bahrain.ro\/blog\/wp-json\/wp\/v2\/users\/172"}],"replies":[{"embeddable":true,"href":"https:\/\/www.bahrain.ro\/blog\/wp-json\/wp\/v2\/comments?post=403"}],"version-history":[{"count":2,"href":"https:\/\/www.bahrain.ro\/blog\/wp-json\/wp\/v2\/posts\/403\/revisions"}],"predecessor-version":[{"id":433,"href":"https:\/\/www.bahrain.ro\/blog\/wp-json\/wp\/v2\/posts\/403\/revisions\/433"}],"wp:attachment":[{"href":"https:\/\/www.bahrain.ro\/blog\/wp-json\/wp\/v2\/media?parent=403"}],"wp:term":[{"taxonomy":"category","embeddable":true,"href":"https:\/\/www.bahrain.ro\/blog\/wp-json\/wp\/v2\/categories?post=403"},{"taxonomy":"post_tag","embeddable":true,"href":"https:\/\/www.bahrain.ro\/blog\/wp-json\/wp\/v2\/tags?post=403"}],"curies":[{"name":"wp","href":"https:\/\/api.w.org\/{rel}","templated":true}]}}