{"id":345,"date":"2013-01-15T13:32:19","date_gmt":"2013-01-15T12:32:19","guid":{"rendered":"http:\/\/bahrain.ro\/blog\/?p=345"},"modified":"2013-01-15T13:32:19","modified_gmt":"2013-01-15T12:32:19","slug":"neue-katholische-kirche-fur-bahrain-100-000-katholiken-in-bahrain","status":"publish","type":"post","link":"https:\/\/www.bahrain.ro\/blog\/2013\/01\/neue-katholische-kirche-fur-bahrain-100-000-katholiken-in-bahrain\/","title":{"rendered":"Neue katholische Kirche f\u00fcr Bahrain &#8211; 100.000 Katholiken in Bahrain"},"content":{"rendered":"<p>Wie die Katholiken die aktuelle Lage in Bahrain empfinden, dar\u00fcber hat Radio Vatikan mit dem apostolischen Nuntius in Bahrain, Monsignore Petar Rajic, gesprochen:<\/p>\n<p><i>\u201eWeil unsere Gemeinschaft immer weiter w\u00e4chst und wir in Bahrain nur eine einzige Kirche haben, hat der Bischof die zust\u00e4ndigen lokalen Beh\u00f6ren um die Genehmigung f\u00fcr einen Kirchenneubau gebeten. Und es sieht gut aus: Der K\u00f6nig und die Regierung wollen dieses Projekt unterst\u00fctzen. Sie wollen so ein Zeichen setzen f\u00fcr die Offenheit gegen\u00fcber den Christen.\u201c<\/i><\/p>\n<p>Der Nuntius von Bahrain lobt die gute Zusammenarbeit mit den Beh\u00f6rden ausdr\u00fccklich:<\/p>\n<p><i>\u201eWir stehen in einem sehr guten Dialog. Das zeigt sich auch daran, dass der Bischof seinen Vikarssitz aus Kuwait Stadt in die Hauptstadt von Bahrain verlegt hat. Bisher hatten wir keine Probleme mit den Autorit\u00e4ten hier \u2013 abgesehen von der B\u00fcrokratie: hier dauert immer alles sehr lange. Aber wir hoffen und wir wissen, dass eigentlich alle Projekte irgendwann gel\u00f6st werden.\u201c<\/i><\/p>\n<p><i>\u201eDie Katholiken f\u00fchlen sich nicht besonders in die aktuellen gesellschaftlichen und b\u00fcrgerlichen Ereignisse einbezogen, denn das sind Angelegenheiten, die vor allem die muslimische Gemeinschaft betreffen. Trotzdem sp\u00fcren die Christen nat\u00fcrlich auch die wachsende Spannung, die in der Luft liegt. Die Christen hier sind als zuverl\u00e4ssig und verantwortungsbewusst bekannt und ihr Beitrag f\u00fcr die Gesellschaft wird gesch\u00e4tzt. Die Tatsache dass sie eine \u201aneutrale\u2019 Haltung haben, macht sie zu Zeugen f\u00fcr Werte wie Frieden und Vers\u00f6hnung.\u201c<br \/>\n<\/i><\/p>\n<p>Da freut man sich ja so richtig, dass es zumindest f\u00fcr die Katholiken so prima in Bahrain l\u00e4uft. Es sei mir erlaubt, ein kleines Gedicht eines anderen Geistlichen zu ver\u00f6ffentlichen, das mir sehr sch\u00f6n zu dieser &#8222;neutralen&#8220; Haltung passt:<\/p>\n<p style=\"text-align: right;\">\u201eAls die Nazis die Kommunisten holten,<br \/>\nhabe ich geschwiegen; ich war ja kein Kommunist.<br \/>\nAls sie die Sozialdemokraten einsperrten,<br \/>\nhabe ich geschwiegen; ich war ja kein Sozialdemokrat.<br \/>\nAls sie die Gewerkschafter holten,<br \/>\nhabe ich nicht protestiert; ich war ja kein Gewerkschafter.<br \/>\nAls sie die Juden holten,<br \/>\nhabe ich nicht protestiert;<br \/>\nich war ja kein Jude.<br \/>\nAls sie mich holten,<br \/>\ngab es keinen mehr, der protestierte.\u201c<br \/>\nMartin Niem\u00f6ller<\/p>\n<p>&nbsp;<\/p>\n","protected":false},"excerpt":{"rendered":"<p>Wie die Katholiken die aktuelle Lage in Bahrain empfinden, dar\u00fcber hat Radio Vatikan mit dem apostolischen Nuntius in Bahrain, Monsignore Petar Rajic, gesprochen: \u201eWeil unsere Gemeinschaft immer weiter w\u00e4chst und wir in Bahrain nur eine einzige Kirche haben, hat der Bischof die zust\u00e4ndigen lokalen Beh\u00f6ren um die Genehmigung f\u00fcr einen Kirchenneubau gebeten. Und es sieht&hellip; <a class=\"more-link\" href=\"https:\/\/www.bahrain.ro\/blog\/2013\/01\/neue-katholische-kirche-fur-bahrain-100-000-katholiken-in-bahrain\/\"><span class=\"screen-reader-text\">Neue katholische Kirche f\u00fcr Bahrain &#8211; 100.000 Katholiken in Bahrain<\/span> weiterlesen<\/a><\/p>\n","protected":false},"author":172,"featured_media":0,"comment_status":"open","ping_status":"closed","sticky":false,"template":"","format":"standard","meta":{"jetpack_post_was_ever_published":false,"_jetpack_newsletter_access":"","_jetpack_dont_email_post_to_subs":false,"_jetpack_newsletter_tier_id":0,"_jetpack_memberships_contains_paywalled_content":false,"_jetpack_memberships_contains_paid_content":false,"footnotes":""},"categories":[1],"tags":[13,183,185,184],"class_list":["post-345","post","type-post","status-publish","format-standard","hentry","category-allgemein","tag-bahrain","tag-katholische-kirche","tag-monsignore-petar-rajic","tag-nuntius-in-bahrain","entry"],"jetpack_featured_media_url":"","jetpack_sharing_enabled":true,"_links":{"self":[{"href":"https:\/\/www.bahrain.ro\/blog\/wp-json\/wp\/v2\/posts\/345","targetHints":{"allow":["GET"]}}],"collection":[{"href":"https:\/\/www.bahrain.ro\/blog\/wp-json\/wp\/v2\/posts"}],"about":[{"href":"https:\/\/www.bahrain.ro\/blog\/wp-json\/wp\/v2\/types\/post"}],"author":[{"embeddable":true,"href":"https:\/\/www.bahrain.ro\/blog\/wp-json\/wp\/v2\/users\/172"}],"replies":[{"embeddable":true,"href":"https:\/\/www.bahrain.ro\/blog\/wp-json\/wp\/v2\/comments?post=345"}],"version-history":[{"count":1,"href":"https:\/\/www.bahrain.ro\/blog\/wp-json\/wp\/v2\/posts\/345\/revisions"}],"predecessor-version":[{"id":346,"href":"https:\/\/www.bahrain.ro\/blog\/wp-json\/wp\/v2\/posts\/345\/revisions\/346"}],"wp:attachment":[{"href":"https:\/\/www.bahrain.ro\/blog\/wp-json\/wp\/v2\/media?parent=345"}],"wp:term":[{"taxonomy":"category","embeddable":true,"href":"https:\/\/www.bahrain.ro\/blog\/wp-json\/wp\/v2\/categories?post=345"},{"taxonomy":"post_tag","embeddable":true,"href":"https:\/\/www.bahrain.ro\/blog\/wp-json\/wp\/v2\/tags?post=345"}],"curies":[{"name":"wp","href":"https:\/\/api.w.org\/{rel}","templated":true}]}}