{"id":218,"date":"2012-04-18T19:40:11","date_gmt":"2012-04-18T18:40:11","guid":{"rendered":"http:\/\/bahrain.ro\/blog\/?p=218"},"modified":"2012-04-18T19:40:11","modified_gmt":"2012-04-18T18:40:11","slug":"deutsche-bundesregierung-fordert-freilassung-von-demonstranten-in-bahrain","status":"publish","type":"post","link":"https:\/\/www.bahrain.ro\/blog\/2012\/04\/deutsche-bundesregierung-fordert-freilassung-von-demonstranten-in-bahrain\/","title":{"rendered":"Deutsche Bundesregierung fordert Freilassung von Demonstranten in Bahrain"},"content":{"rendered":"<p>Der Menschenrechtsbeauftragte der Bundesregierung, Markus L\u00f6ning, hat die Freilassung von hunderten H\u00e4ftlingen im Golfstaat Bahrain gefordert. Mehr als ein Jahr nach den Protesten im Zuge des Arabischen Fr\u00fchlings w\u00fcrden in Bahrain noch immer mehrere hundert der damaligen Demonstranten festgehalten, sagte L\u00f6ning der Nachrichtenagentur AFP.<\/p>\n<p>Zugleich warf er der vor allem von Sunniten unterst\u00fctzten Staatsmacht vor, die schiitische Bev\u00f6lkerungsmehrheit nicht zu ihren Rechten kommen zu lassen. Auch die Organisation Amnesty International hatte vor dem f\u00fcr das Wochenende geplanten Formel-1-Rennen in Bahrain anhaltende Menschenrechtsverletzungen in dem Golfstaat kritisiert. Dort sind seit Beginn der Proteste der von den Schiiten dominierten Opposition im Februar 2011 bereits fast 50 Menschen get\u00f6tet worden. Immer wieder kommt es zu blutigen Zusammenst\u00f6\u00dfen.<\/p>\n","protected":false},"excerpt":{"rendered":"<p>Der Menschenrechtsbeauftragte der Bundesregierung, Markus L\u00f6ning, hat die Freilassung von hunderten H\u00e4ftlingen im Golfstaat Bahrain gefordert. Mehr als ein Jahr nach den Protesten im Zuge des Arabischen Fr\u00fchlings w\u00fcrden in Bahrain noch immer mehrere hundert der damaligen Demonstranten festgehalten, sagte L\u00f6ning der Nachrichtenagentur AFP. Zugleich warf er der vor allem von Sunniten unterst\u00fctzten Staatsmacht vor,&hellip; <a class=\"more-link\" href=\"https:\/\/www.bahrain.ro\/blog\/2012\/04\/deutsche-bundesregierung-fordert-freilassung-von-demonstranten-in-bahrain\/\"><span class=\"screen-reader-text\">Deutsche Bundesregierung fordert Freilassung von Demonstranten in Bahrain<\/span> weiterlesen<\/a><\/p>\n","protected":false},"author":172,"featured_media":0,"comment_status":"open","ping_status":"closed","sticky":false,"template":"","format":"standard","meta":{"jetpack_post_was_ever_published":false,"_jetpack_newsletter_access":"","_jetpack_dont_email_post_to_subs":false,"_jetpack_newsletter_tier_id":0,"_jetpack_memberships_contains_paywalled_content":false,"_jetpack_memberships_contains_paid_content":false,"footnotes":""},"categories":[1],"tags":[138,137,136],"class_list":["post-218","post","type-post","status-publish","format-standard","hentry","category-allgemein","tag-opposition","tag-schiitisch","tag-sunnitisch","entry"],"jetpack_featured_media_url":"","jetpack_sharing_enabled":true,"_links":{"self":[{"href":"https:\/\/www.bahrain.ro\/blog\/wp-json\/wp\/v2\/posts\/218","targetHints":{"allow":["GET"]}}],"collection":[{"href":"https:\/\/www.bahrain.ro\/blog\/wp-json\/wp\/v2\/posts"}],"about":[{"href":"https:\/\/www.bahrain.ro\/blog\/wp-json\/wp\/v2\/types\/post"}],"author":[{"embeddable":true,"href":"https:\/\/www.bahrain.ro\/blog\/wp-json\/wp\/v2\/users\/172"}],"replies":[{"embeddable":true,"href":"https:\/\/www.bahrain.ro\/blog\/wp-json\/wp\/v2\/comments?post=218"}],"version-history":[{"count":1,"href":"https:\/\/www.bahrain.ro\/blog\/wp-json\/wp\/v2\/posts\/218\/revisions"}],"predecessor-version":[{"id":219,"href":"https:\/\/www.bahrain.ro\/blog\/wp-json\/wp\/v2\/posts\/218\/revisions\/219"}],"wp:attachment":[{"href":"https:\/\/www.bahrain.ro\/blog\/wp-json\/wp\/v2\/media?parent=218"}],"wp:term":[{"taxonomy":"category","embeddable":true,"href":"https:\/\/www.bahrain.ro\/blog\/wp-json\/wp\/v2\/categories?post=218"},{"taxonomy":"post_tag","embeddable":true,"href":"https:\/\/www.bahrain.ro\/blog\/wp-json\/wp\/v2\/tags?post=218"}],"curies":[{"name":"wp","href":"https:\/\/api.w.org\/{rel}","templated":true}]}}