{"id":1677,"date":"2019-07-27T11:02:15","date_gmt":"2019-07-27T10:02:15","guid":{"rendered":"https:\/\/www.bahrain.ro\/blog\/?p=1677"},"modified":"2019-07-27T11:02:20","modified_gmt":"2019-07-27T10:02:20","slug":"bahrain-vollstreckt-drei-todesurteile","status":"publish","type":"post","link":"https:\/\/www.bahrain.ro\/blog\/2019\/07\/bahrain-vollstreckt-drei-todesurteile\/","title":{"rendered":"Bahrain vollstreckt drei Todesurteile"},"content":{"rendered":"\n<p>Ich w\u00fcrde heute oder die n\u00e4chsten Tage nicht in schiitischen D\u00f6rfern spazieren gehen und auch ansonsten vorsichtiger als sonst sein! <\/p>\n\n\n\n<figure class=\"wp-block-image\"><img loading=\"lazy\" decoding=\"async\" width=\"904\" height=\"482\" src=\"https:\/\/www.bahrain.ro\/blog\/wp-content\/uploads\/2019\/06\/Hamas.png\" alt=\"Hamas\" class=\"wp-image-1634\" srcset=\"https:\/\/www.bahrain.ro\/blog\/wp-content\/uploads\/2019\/06\/Hamas.png 904w, https:\/\/www.bahrain.ro\/blog\/wp-content\/uploads\/2019\/06\/Hamas-300x160.png 300w, https:\/\/www.bahrain.ro\/blog\/wp-content\/uploads\/2019\/06\/Hamas-768x409.png 768w\" sizes=\"auto, (max-width: 904px) 100vw, 904px\" \/><figcaption>Hamas droht Bahrain<\/figcaption><\/figure>\n\n\n\n<!--more-->\n\n\n\n<p>Unter den drei M\u00e4nnern waren zwei Schiiten, die wegen Terrorvorw\u00fcrfen hingerichtet wurden. Menschenrechtsorganisationen kritisieren Bahrain f\u00fcr die Todesstrafe, da die Gest\u00e4ndnisse unter Folter erzwungen worden seien. In den letzten 10 Jahren wurde viermal die Todesstrafe angewandt.<\/p>\n\n\n\n<p>Den zwei M\u00e4nnern wird der Tod eines Polizisten zur Last gelegt. Sie wurden zusammen mit einem verurteilten M\u00f6rder eines Imams erschossen, wie die Staatsanwaltschaft des sunnitisch regierten Landes mitteilte. Namen nannte die bahrainische Justiz nicht.<\/p>\n\n\n\n<p><strong>Mangelhafter Massenprozess<\/strong><\/p>\n\n\n\n<p>Nach Angaben von Menschenrechtsorganisationen handelte es sich um den 25-j\u00e4hrigen Ali al-Arab und den 24-j\u00e4hrigen Ahmed al-Malali. Sie waren im Februar 2017 festgenommen worden. Nach Angaben von Menschenrechtsorganisationen wurden sie im Gef\u00e4ngnis gefoltert. Im Januar 2018 wurden sie in einem als unfair kritisierten Massenprozess gegen 60 Angeklagte zum Tode verurteilt. Die Staatsanwaltschaft warf ihnen die Gr\u00fcndung einer terroristischen Vereinigung vor, die mehrere Anschl\u00e4ge begangen haben soll.<\/p>\n\n\n\n<p>Mit Unterst\u00fctzung der <a href=\"https:\/\/www.dw.com\/de\/bahrain-vollstreckt-drei-todesurteile\/a-49767094\" target=\"_blank\" rel=\"noreferrer noopener\" aria-label=\"Deutschen Welle (\u00f6ffnet in neuem Tab)\">Deutschen Welle<\/a><\/p>\n","protected":false},"excerpt":{"rendered":"<p>Ich w\u00fcrde heute oder die n\u00e4chsten Tage nicht in schiitischen D\u00f6rfern spazieren gehen und auch ansonsten vorsichtiger als sonst sein!<\/p>\n","protected":false},"author":172,"featured_media":1634,"comment_status":"open","ping_status":"closed","sticky":false,"template":"","format":"standard","meta":{"jetpack_post_was_ever_published":false,"_jetpack_newsletter_access":"","_jetpack_dont_email_post_to_subs":false,"_jetpack_newsletter_tier_id":0,"_jetpack_memberships_contains_paywalled_content":false,"_jetpack_memberships_contains_paid_content":false,"footnotes":""},"categories":[198],"tags":[786,785,13,784],"class_list":["post-1677","post","type-post","status-publish","format-standard","has-post-thumbnail","hentry","category-diverses","tag-ahmed-al-malali","tag-ali-al-arab","tag-bahrain","tag-todesurteile","entry"],"jetpack_featured_media_url":"https:\/\/www.bahrain.ro\/blog\/wp-content\/uploads\/2019\/06\/Hamas.png","jetpack_sharing_enabled":true,"_links":{"self":[{"href":"https:\/\/www.bahrain.ro\/blog\/wp-json\/wp\/v2\/posts\/1677","targetHints":{"allow":["GET"]}}],"collection":[{"href":"https:\/\/www.bahrain.ro\/blog\/wp-json\/wp\/v2\/posts"}],"about":[{"href":"https:\/\/www.bahrain.ro\/blog\/wp-json\/wp\/v2\/types\/post"}],"author":[{"embeddable":true,"href":"https:\/\/www.bahrain.ro\/blog\/wp-json\/wp\/v2\/users\/172"}],"replies":[{"embeddable":true,"href":"https:\/\/www.bahrain.ro\/blog\/wp-json\/wp\/v2\/comments?post=1677"}],"version-history":[{"count":1,"href":"https:\/\/www.bahrain.ro\/blog\/wp-json\/wp\/v2\/posts\/1677\/revisions"}],"predecessor-version":[{"id":1678,"href":"https:\/\/www.bahrain.ro\/blog\/wp-json\/wp\/v2\/posts\/1677\/revisions\/1678"}],"wp:featuredmedia":[{"embeddable":true,"href":"https:\/\/www.bahrain.ro\/blog\/wp-json\/wp\/v2\/media\/1634"}],"wp:attachment":[{"href":"https:\/\/www.bahrain.ro\/blog\/wp-json\/wp\/v2\/media?parent=1677"}],"wp:term":[{"taxonomy":"category","embeddable":true,"href":"https:\/\/www.bahrain.ro\/blog\/wp-json\/wp\/v2\/categories?post=1677"},{"taxonomy":"post_tag","embeddable":true,"href":"https:\/\/www.bahrain.ro\/blog\/wp-json\/wp\/v2\/tags?post=1677"}],"curies":[{"name":"wp","href":"https:\/\/api.w.org\/{rel}","templated":true}]}}