{"id":1661,"date":"2019-07-04T15:03:40","date_gmt":"2019-07-04T14:03:40","guid":{"rendered":"https:\/\/www.bahrain.ro\/blog\/?p=1661"},"modified":"2019-09-05T20:38:26","modified_gmt":"2019-09-05T19:38:26","slug":"kraft-steht-drauf-und-arla-kaese-ist-drin","status":"publish","type":"post","link":"https:\/\/www.bahrain.ro\/blog\/2019\/07\/kraft-steht-drauf-und-arla-kaese-ist-drin\/","title":{"rendered":"Kraft steht drauf und Arla K\u00e4se ist drin"},"content":{"rendered":"\n<p><br>Arla die Marke Kraft von Mondel\u00e9z International \u00fcbernommen. Die geschlossene Lizenzvereinbarung deckt folgende M\u00e4rkte ab: Bahrain, Irak, Israel, Jordanien, Katar, Kuwait, Libanon, Libyen, Mauritius, Oman, Pal\u00e4stina, Saudi-Arabien, die Seychellen, Syrien und die Vereinigten Arabischen Emirate.<\/p>\n\n\n\n<figure class=\"wp-block-image\"><img loading=\"lazy\" decoding=\"async\" width=\"536\" height=\"420\" src=\"https:\/\/www.bahrain.ro\/blog\/wp-content\/uploads\/2019\/07\/Arla-Ka\u0308se-getarnt-als-Kraft.png\" alt=\"Arla Ka\u0308se getarnt als Kraft\" class=\"wp-image-1662\" srcset=\"https:\/\/www.bahrain.ro\/blog\/wp-content\/uploads\/2019\/07\/Arla-Ka\u0308se-getarnt-als-Kraft.png 536w, https:\/\/www.bahrain.ro\/blog\/wp-content\/uploads\/2019\/07\/Arla-Ka\u0308se-getarnt-als-Kraft-300x235.png 300w\" sizes=\"auto, (max-width: 536px) 100vw, 536px\" \/><figcaption>Arla Ka\u0308se getarnt als Kraft &#8211; Made in Bahrain<\/figcaption><\/figure>\n\n\n\n<!--more-->\n\n\n\n<p>Die neue  Lizenz erlaubt es Arla, die Kraft-Marke f\u00fcr K\u00e4seprodukte zu verwenden. Ausnahmen sind Macaroni &amp; Cheese (K\u00e4se-Makkaroni) sowie verpackte Lebensmittelprodukte, die eine Kombination aus K\u00e4se und anderen Lebensmitteln enthalten &#8211; beispielsweise K\u00e4se und Kr\u00e4cker. <\/p>\n\n\n\n<p>Bereits im Dezember 2018 gab die europ\u00e4ische Molkereigenossenschaft Arla Foods eine Vereinbarung mit dem amerikanischen Unternehmen Mondel\u00e9z International bekannt. Beschlossen wurde die \u00dcbernahme des Schmelzk\u00e4segesch\u00e4fts im Nahen Osten. Dieses wird unter der Marke Kraft lizenziert. Die vollst\u00e4ndige \u00dcbernahme des erworbenen Gesch\u00e4fts erfolgte Ende Mai 2019.<br> <br>Arla erwarb damit zus\u00e4tzlich eine moderne Produktionsanlage f\u00fcr K\u00e4se in <a href=\"https:\/\/www.bahrain.ro\/blog\/2019\/02\/juedische-frau-aus-bahrain-ist-botschafterin-in-washington\/\" target=\"_blank\" rel=\"noreferrer noopener\" aria-label=\"Bahrain (\u00f6ffnet in neuem Tab)\">Bahrain<\/a>. Die europ\u00e4ische Molkereigenossenschaft erwartet einen Ausbau der Produktion von Markenk\u00e4se in der Region Naher Osten und Nordafrika (Middle East and North Africa \u201eMENA\u201c) sowie eine Effizienzsteigerung in der Lieferkette.<br>Der Nahe Osten und Nordafrika z\u00e4hlen zu den geografischen Schl\u00fcsselregionen in Arlas Strategie \u201eGood Growth 2020\u201c. Seit 2010 hat Arla seinen Umsatz in der Region MENA, Arlas gr\u00f6\u00dftem Markt au\u00dferhalb Europas, mehr als verdoppelt \u2013 durch starke Positionen der Marke Puck in der Kategorie K\u00e4se, der Marke Lurpak in der Kategorie Butter und Streichfette sowie der Marken Dano und Arla in den Kategorien Milchpulver und H-Milch. Im Jahr 2018 lag Arlas Umsatz im Einzelhandel und Foodservice in der Region MENA bei 560 Mio. \u20ac.  <a rel=\"noreferrer noopener\" aria-label=\"Quelle  (\u00f6ffnet in neuem Tab)\" href=\"http:\/\/www.topagrar.com\/\" target=\"_blank\">Quelle <\/a><\/p>\n","protected":false},"excerpt":{"rendered":"<p>Arla erwarb auch eine moderne Produktionsanlage f\u00fcr K\u00e4se in Bahrain. Die europ\u00e4ische Molkereigenossenschaft erwartet einen Ausbau der Produktion von Markenk\u00e4se in der Region Naher Osten<\/p>\n","protected":false},"author":172,"featured_media":1662,"comment_status":"open","ping_status":"closed","sticky":false,"template":"","format":"standard","meta":{"jetpack_post_was_ever_published":false,"_jetpack_newsletter_access":"","_jetpack_dont_email_post_to_subs":false,"_jetpack_newsletter_tier_id":0,"_jetpack_memberships_contains_paywalled_content":false,"_jetpack_memberships_contains_paid_content":false,"footnotes":""},"categories":[527],"tags":[776,775,777],"class_list":["post-1661","post","type-post","status-publish","format-standard","has-post-thumbnail","hentry","category-essen","tag-arla","tag-kraft","tag-modelez","entry"],"jetpack_featured_media_url":"https:\/\/www.bahrain.ro\/blog\/wp-content\/uploads\/2019\/07\/Arla-Ka\u0308se-getarnt-als-Kraft.png","jetpack_sharing_enabled":true,"_links":{"self":[{"href":"https:\/\/www.bahrain.ro\/blog\/wp-json\/wp\/v2\/posts\/1661","targetHints":{"allow":["GET"]}}],"collection":[{"href":"https:\/\/www.bahrain.ro\/blog\/wp-json\/wp\/v2\/posts"}],"about":[{"href":"https:\/\/www.bahrain.ro\/blog\/wp-json\/wp\/v2\/types\/post"}],"author":[{"embeddable":true,"href":"https:\/\/www.bahrain.ro\/blog\/wp-json\/wp\/v2\/users\/172"}],"replies":[{"embeddable":true,"href":"https:\/\/www.bahrain.ro\/blog\/wp-json\/wp\/v2\/comments?post=1661"}],"version-history":[{"count":2,"href":"https:\/\/www.bahrain.ro\/blog\/wp-json\/wp\/v2\/posts\/1661\/revisions"}],"predecessor-version":[{"id":1777,"href":"https:\/\/www.bahrain.ro\/blog\/wp-json\/wp\/v2\/posts\/1661\/revisions\/1777"}],"wp:featuredmedia":[{"embeddable":true,"href":"https:\/\/www.bahrain.ro\/blog\/wp-json\/wp\/v2\/media\/1662"}],"wp:attachment":[{"href":"https:\/\/www.bahrain.ro\/blog\/wp-json\/wp\/v2\/media?parent=1661"}],"wp:term":[{"taxonomy":"category","embeddable":true,"href":"https:\/\/www.bahrain.ro\/blog\/wp-json\/wp\/v2\/categories?post=1661"},{"taxonomy":"post_tag","embeddable":true,"href":"https:\/\/www.bahrain.ro\/blog\/wp-json\/wp\/v2\/tags?post=1661"}],"curies":[{"name":"wp","href":"https:\/\/api.w.org\/{rel}","templated":true}]}}