{"id":1620,"date":"2019-06-03T17:53:51","date_gmt":"2019-06-03T16:53:51","guid":{"rendered":"https:\/\/www.bahrain.ro\/blog\/?p=1620"},"modified":"2019-06-03T20:40:33","modified_gmt":"2019-06-03T19:40:33","slug":"feiertag-eid-al-fitr","status":"publish","type":"post","link":"https:\/\/www.bahrain.ro\/blog\/2019\/06\/feiertag-eid-al-fitr\/","title":{"rendered":"Feiertag Eid Al Fitr"},"content":{"rendered":"\n<p>Prinz Khalifa bin Salman Al Khalifa, der Premierminister, gab heute ein Rundschreiben betreff den Feiertag Eid Al Fitr heraus. Bis Sonntag ist Urlaub angesagt! <\/p>\n\n\n\n<figure class=\"wp-block-image\"><img loading=\"lazy\" decoding=\"async\" width=\"788\" height=\"800\" src=\"https:\/\/www.bahrain.ro\/blog\/wp-content\/uploads\/2019\/06\/Prinz-Khalifa-bin-Salman-Al-Khalifa-Premierminister.png\" alt=\"Prinz Khalifa bin Salman Al Khalifa, Premierminister\" class=\"wp-image-1621\" srcset=\"https:\/\/www.bahrain.ro\/blog\/wp-content\/uploads\/2019\/06\/Prinz-Khalifa-bin-Salman-Al-Khalifa-Premierminister.png 788w, https:\/\/www.bahrain.ro\/blog\/wp-content\/uploads\/2019\/06\/Prinz-Khalifa-bin-Salman-Al-Khalifa-Premierminister-296x300.png 296w, https:\/\/www.bahrain.ro\/blog\/wp-content\/uploads\/2019\/06\/Prinz-Khalifa-bin-Salman-Al-Khalifa-Premierminister-768x780.png 768w\" sizes=\"auto, (max-width: 788px) 100vw, 788px\" \/><figcaption>Prinz Khalifa bin Salman Al Khalifa, Premierminister<\/figcaption><\/figure>\n\n\n\n<!--more-->\n\n\n\n<p>Die Ministerien, Direktionen und offiziellen Institutionen des K\u00f6nigreichs werden am ersten, zweiten und dritten Tag des Eid geschlossen, und wenn einer dieser drei Tage auf das Wochenende f\u00e4llt, wird er durch den Sonntag ausgeglichen.<\/p>\n\n\n\n<p>Weil die Festlegung des Festtermins traditionell nach der Mondsichtung erfolgt, kam es in der Vergangenheit immer wieder zu uneinheitlichen Terminen. So wurde zum Beispiel 2006 das Fest in Deutschland weitestgehend auf den 24.&nbsp;Oktober festgelegt, w\u00e4hrend es in vielen islamischen L\u00e4ndern oder L\u00e4ndern mit muslimischer Minderheit am 23.&nbsp;Oktober gefeiert wurde.<\/p>\n\n\n\n<p>Wann allerdings Eid beginnt, erfahren wir erst heute Abend bzw. Nacht vom <strong>Bahrainischen Mondsichtungskomitee.<\/strong> Wir wissen also nicht, ob Junior morgen zur Schule muss oder nicht. Wenn Schule ist, weil das Komitee den Mond nicht sah, sind erfahrungsgem\u00e4\u00df weniger als 50 % der Kinder in der Schule. <\/p>\n\n\n\n<p><strong>Update 22 Uhr:  <\/strong><\/p>\n\n\n\n<p>Das Moon Sighting Panel (Mondsichtungskomitee) k\u00fcndigte an, dass morgen, Dienstag der 4.6.2019, der erste Tag von Eid Al Fitr sein w\u00fcrde. Das Moon Sighting Panel heute Abend in einer Erkl\u00e4rung sagte, dass der Halbmond des Monats Shawwal rechtm\u00e4\u00dfig im K\u00f6nigreich Saudi-Arabien gesichtet wurde, daher w\u00fcrde morgen am ersten Tag des Eid Al Fitr. <\/p>\n\n\n\n<p><strong>Das heisst, bis Sonntag ist jetzt Urlaub angesagt! <\/strong>Sonntag ist der erste Arbeitstag wieder!<\/p>\n","protected":false},"excerpt":{"rendered":"<p>Prinz Khalifa bin Salman Al Khalifa, der Premierminister, gab heute ein Rundschreiben betreff den Feiertag Eid Al Fitr heraus. Bis Sonntag ist Urlaub angesagt!<\/p>\n","protected":false},"author":172,"featured_media":1621,"comment_status":"open","ping_status":"closed","sticky":false,"template":"","format":"standard","meta":{"jetpack_post_was_ever_published":false,"_jetpack_newsletter_access":"","_jetpack_dont_email_post_to_subs":false,"_jetpack_newsletter_tier_id":0,"_jetpack_memberships_contains_paywalled_content":false,"_jetpack_memberships_contains_paid_content":false,"footnotes":""},"categories":[45,5],"tags":[760],"class_list":["post-1620","post","type-post","status-publish","format-standard","has-post-thumbnail","hentry","category-kultur","category-yalla-bahrain-in-und-uber-bahrain","tag-feiertag-eid-al-fitr","entry"],"jetpack_featured_media_url":"https:\/\/www.bahrain.ro\/blog\/wp-content\/uploads\/2019\/06\/Prinz-Khalifa-bin-Salman-Al-Khalifa-Premierminister.png","jetpack_sharing_enabled":true,"_links":{"self":[{"href":"https:\/\/www.bahrain.ro\/blog\/wp-json\/wp\/v2\/posts\/1620","targetHints":{"allow":["GET"]}}],"collection":[{"href":"https:\/\/www.bahrain.ro\/blog\/wp-json\/wp\/v2\/posts"}],"about":[{"href":"https:\/\/www.bahrain.ro\/blog\/wp-json\/wp\/v2\/types\/post"}],"author":[{"embeddable":true,"href":"https:\/\/www.bahrain.ro\/blog\/wp-json\/wp\/v2\/users\/172"}],"replies":[{"embeddable":true,"href":"https:\/\/www.bahrain.ro\/blog\/wp-json\/wp\/v2\/comments?post=1620"}],"version-history":[{"count":5,"href":"https:\/\/www.bahrain.ro\/blog\/wp-json\/wp\/v2\/posts\/1620\/revisions"}],"predecessor-version":[{"id":1627,"href":"https:\/\/www.bahrain.ro\/blog\/wp-json\/wp\/v2\/posts\/1620\/revisions\/1627"}],"wp:featuredmedia":[{"embeddable":true,"href":"https:\/\/www.bahrain.ro\/blog\/wp-json\/wp\/v2\/media\/1621"}],"wp:attachment":[{"href":"https:\/\/www.bahrain.ro\/blog\/wp-json\/wp\/v2\/media?parent=1620"}],"wp:term":[{"taxonomy":"category","embeddable":true,"href":"https:\/\/www.bahrain.ro\/blog\/wp-json\/wp\/v2\/categories?post=1620"},{"taxonomy":"post_tag","embeddable":true,"href":"https:\/\/www.bahrain.ro\/blog\/wp-json\/wp\/v2\/tags?post=1620"}],"curies":[{"name":"wp","href":"https:\/\/api.w.org\/{rel}","templated":true}]}}