{"id":1605,"date":"2019-05-21T21:48:39","date_gmt":"2019-05-21T20:48:39","guid":{"rendered":"https:\/\/www.bahrain.ro\/blog\/?p=1605"},"modified":"2019-05-21T21:48:46","modified_gmt":"2019-05-21T20:48:46","slug":"nahost-friedenskonferenz-mit-israel-in-bahrain","status":"publish","type":"post","link":"https:\/\/www.bahrain.ro\/blog\/2019\/05\/nahost-friedenskonferenz-mit-israel-in-bahrain\/","title":{"rendered":"Nahost-Friedenskonferenz mit Israel in Bahrain"},"content":{"rendered":"\n<p>Am 25. und 26. Juni wird in Bahrein eine Nahost-Friedenskonferenz unter dem Vorsitz der Vereinigten Staaten abgehalten. Israels Nachrichtenkanal 13 meldet, dass auch der j\u00fcdische Staat eingeladen worden sei, wie ein hochrangiger Regierungsbeamter best\u00e4tigt habe. Seinen Angaben zufolge soll eine offizielle Einladung in Briefformat bereits auf dem diplomatischen Postwege nach Israel sein. Dort plane man, die Einladung anzunehmen, berichtete er. Zuvor hatte Israels Finanzministerium noch gemeldet, man sei nicht eingeladen.&nbsp;<\/p>\n\n\n\n<figure class=\"wp-block-image\"><img loading=\"lazy\" decoding=\"async\" width=\"1024\" height=\"576\" src=\"https:\/\/www.bahrain.ro\/blog\/wp-content\/uploads\/2018\/06\/2018-06-14-15.24.32-e1529695934166-1024x576.jpg\" alt=\"\" class=\"wp-image-1147\" srcset=\"https:\/\/www.bahrain.ro\/blog\/wp-content\/uploads\/2018\/06\/2018-06-14-15.24.32-e1529695934166-1024x576.jpg 1024w, https:\/\/www.bahrain.ro\/blog\/wp-content\/uploads\/2018\/06\/2018-06-14-15.24.32-e1529695934166-300x169.jpg 300w, https:\/\/www.bahrain.ro\/blog\/wp-content\/uploads\/2018\/06\/2018-06-14-15.24.32-e1529695934166-768x432.jpg 768w, https:\/\/www.bahrain.ro\/blog\/wp-content\/uploads\/2018\/06\/2018-06-14-15.24.32-e1529695934166.jpg 2048w\" sizes=\"auto, (max-width: 1024px) 100vw, 1024px\" \/><figcaption>\u00d6lpumpe Bahrain<\/figcaption><\/figure>\n\n\n\n<!--more-->\n\n\n\n<p>Das Wei\u00dfe Haus stellte am vergangenen Sonntag seinen Fahrplan zum Frieden im Nahen Osten vor. Die erste Phase werde sich auf wirtschaftliche Anzeize konzentrieren, von denen profitiert werden k\u00f6nne, wenn der israelisch-pal\u00e4stinensische Konflikt gel\u00f6st werde. Ein Gro\u00dfteil der geplanten Investitionen und Bauvorhaben in den pal\u00e4stinensischen Gebieten sollen von reichen arabischen L\u00e4ndern finanziert werden.&nbsp;<\/p>\n\n\n\n<p>Die Amerikaner werden sich w\u00e4hrend der Konferenz im Juni nicht allen Themen des Konfliktes widmen. Ausgespart werden soll der Status Jerusalem, das Schicksal der pal\u00e4stinensischen Fl\u00fcchtlinge sowie die Sicherheitsforderungen Israels. Mohammad Shtayyeh, der pal\u00e4stinensische Premierminister, d\u00e4mpfte die Erwartungen, als er verlauten lie\u00df, dass jeglicher amerikanischer Friedensplan, der den Anspruch eines pal\u00e4stinensischen Volkes nach einem unabh\u00e4ngigen Staat ignoriere, zum Scheitern verurteilt sei.<\/p>\n","protected":false},"excerpt":{"rendered":"<p>Am 25. und 26. Juni wird in Bahrein eine Nahost-Friedenskonferenz unter dem Vorsitz der Vereinigten Staaten abgehalten.<\/p>\n","protected":false},"author":172,"featured_media":493,"comment_status":"open","ping_status":"closed","sticky":false,"template":"","format":"standard","meta":{"jetpack_post_was_ever_published":false,"_jetpack_newsletter_access":"","_jetpack_dont_email_post_to_subs":false,"_jetpack_newsletter_tier_id":0,"_jetpack_memberships_contains_paywalled_content":false,"_jetpack_memberships_contains_paid_content":false,"footnotes":""},"categories":[198,5],"tags":[13,685,757],"class_list":["post-1605","post","type-post","status-publish","format-standard","has-post-thumbnail","hentry","category-diverses","category-yalla-bahrain-in-und-uber-bahrain","tag-bahrain","tag-israel","tag-nahost-friedenskonferenz","entry"],"jetpack_featured_media_url":"https:\/\/www.bahrain.ro\/blog\/wp-content\/uploads\/2015\/03\/2015-03-07-15.23.01.jpg","jetpack_sharing_enabled":true,"_links":{"self":[{"href":"https:\/\/www.bahrain.ro\/blog\/wp-json\/wp\/v2\/posts\/1605","targetHints":{"allow":["GET"]}}],"collection":[{"href":"https:\/\/www.bahrain.ro\/blog\/wp-json\/wp\/v2\/posts"}],"about":[{"href":"https:\/\/www.bahrain.ro\/blog\/wp-json\/wp\/v2\/types\/post"}],"author":[{"embeddable":true,"href":"https:\/\/www.bahrain.ro\/blog\/wp-json\/wp\/v2\/users\/172"}],"replies":[{"embeddable":true,"href":"https:\/\/www.bahrain.ro\/blog\/wp-json\/wp\/v2\/comments?post=1605"}],"version-history":[{"count":1,"href":"https:\/\/www.bahrain.ro\/blog\/wp-json\/wp\/v2\/posts\/1605\/revisions"}],"predecessor-version":[{"id":1606,"href":"https:\/\/www.bahrain.ro\/blog\/wp-json\/wp\/v2\/posts\/1605\/revisions\/1606"}],"wp:featuredmedia":[{"embeddable":true,"href":"https:\/\/www.bahrain.ro\/blog\/wp-json\/wp\/v2\/media\/493"}],"wp:attachment":[{"href":"https:\/\/www.bahrain.ro\/blog\/wp-json\/wp\/v2\/media?parent=1605"}],"wp:term":[{"taxonomy":"category","embeddable":true,"href":"https:\/\/www.bahrain.ro\/blog\/wp-json\/wp\/v2\/categories?post=1605"},{"taxonomy":"post_tag","embeddable":true,"href":"https:\/\/www.bahrain.ro\/blog\/wp-json\/wp\/v2\/tags?post=1605"}],"curies":[{"name":"wp","href":"https:\/\/api.w.org\/{rel}","templated":true}]}}