{"id":1495,"date":"2019-01-27T11:11:05","date_gmt":"2019-01-27T10:11:05","guid":{"rendered":"https:\/\/www.bahrain.ro\/blog\/?p=1495"},"modified":"2019-01-27T11:11:11","modified_gmt":"2019-01-27T10:11:11","slug":"bekanntmachung-fuer-deutsche-zur-wahl-zum-europaeischen-parlament","status":"publish","type":"post","link":"https:\/\/www.bahrain.ro\/blog\/2019\/01\/bekanntmachung-fuer-deutsche-zur-wahl-zum-europaeischen-parlament\/","title":{"rendered":"Bekanntmachung f\u00fcr Deutsche zur Wahl zum Europ\u00e4ischen Parlament"},"content":{"rendered":"\n<p>Am 26. Mai 2019 findet die Wahl der Abgeordneten des Europ\u00e4ischen Parlaments aus der\nBundesrepublik Deutschland statt.\n<\/p>\n\n\n\n<p>Deutsche, die au\u00dferhalb der Bundesrepublik Deutschland leben und im Bundesgebiet keine\nWohnung mehr innehaben, k\u00f6nnen bei Vorliegen der sonstigen wahlrechtlichen Voraussetzungen an\nder Wahl teilnehmen.\n<\/p>\n\n\n\n<p>F\u00fcr Ihre Wahlteilnahme ist u. a. Voraussetzung, dass Sie\n<\/p>\n\n\n\n<p>1.1 am Wahltag seit mindestens drei Monaten in den \u00fcbrigen Mitgliedstaaten der Europ\u00e4ischen\nUnion[1] eine Wohnung innehaben oder sich mindestens seit dieser Zeit dort gew\u00f6hnlich aufhalten\n(auf die Dreimonatsfrist wird ein unmittelbar vorausgehender Aufenthalt in der Bundesrepublik\nDeutschland angerechnet)\n<\/p>\n\n\n\n<!--more-->\n\n\n\n<p>oder\n<\/p>\n\n\n\n<p>1.2 entweder nach Vollendung ihres 14. Lebensjahres mindestens drei Monate ununterbrochen in\nder Bundesrepublik Deutschland eine Wohnung innegehabt oder sich sonst gew\u00f6hnlich aufgehalten\nhaben und dieser Aufenthalt nicht l\u00e4nger als 25 Jahre zur\u00fcckliegt, oder aus anderen Gr\u00fcnden\npers\u00f6nlich und unmittelbar Vertrautheit mit den politischen Verh\u00e4ltnissen in der Bundesrepublik\nDeutschland erworben haben und von ihnen betroffen sind\n<\/p>\n\n\n\n<p>2. in ein W\u00e4hlerverzeichnis in der Bundesrepublik Deutschland eingetragen sind. Diese Eintragung\nerfolgt nur auf Antrag. Der Antrag ist auf einem Formblatt zu stellen; er soll bald nach dieser\nBekanntmachung abgesandt werden.\n<\/p>\n\n\n\n<p>Einem Antrag, der erst am 6. Mai 2019 oder sp\u00e4ter bei der zust\u00e4ndigen Gemeindebeh\u00f6rde eingeht,\nkann nicht mehr entsprochen werden (\u00a7 17 Abs. 1 der Europawahlordnung).\n<\/p>\n\n\n\n<p>Antragsvordrucke (Formbl\u00e4tter) sowie informierende Merkbl\u00e4tter sind online auf der Seite des\nBundeswahlleiters (www.bundeswahlleiter.de) verf\u00fcgbar. Sie k\u00f6nnen auch bei\n<\/p>\n\n\n\n<ul class=\"wp-block-list\"><li> \uf0b7 \u00a0den diplomatischen und berufskonsularischen Vertretungen der Bundesrepublik Deutschland, <\/li><li> \uf0b7 \u00a0dem Bundeswahlleiter, Statistisches Bundesamt, Zweigstelle Bonn, Postfach 170377, 53029 Bonn, Germany, <\/li><li> \uf0b7 \u00a0den Kreis- und Stadtwahlleitern in der Bundesrepublik Deutschland angefordert werden.<\/li><li><\/li><li><\/li><li> [1] Nicht zu ber\u00fccksichtigen ist ein Aufenthalt im Vereinigten K\u00f6nigreich Gro\u00dfbritannien und Nordirland nach dem Zeitpunkt, ab dem nach Artikel 50 Absatz 3 EUV die Vertr\u00e4ge dort keine Anwendung mehr finden. <\/li><\/ul>\n","protected":false},"excerpt":{"rendered":"<p>Deutsche, die au\u00dferhalb der Bundesrepublik Deutschland leben und im Bundesgebiet keine Wohnung mehr innehaben, k\u00f6nnen bei Vorliegen der sonstigen wahlrechtlichen Voraussetzungen an der Wahl teilnehmen. <\/p>\n","protected":false},"author":172,"featured_media":0,"comment_status":"open","ping_status":"closed","sticky":false,"template":"","format":"standard","meta":{"jetpack_post_was_ever_published":false,"_jetpack_newsletter_access":"","_jetpack_dont_email_post_to_subs":false,"_jetpack_newsletter_tier_id":0,"_jetpack_memberships_contains_paywalled_content":false,"_jetpack_memberships_contains_paid_content":false,"footnotes":""},"categories":[1,32],"tags":[],"class_list":["post-1495","post","type-post","status-publish","format-standard","hentry","category-allgemein","category-deutsche-botschaft","entry"],"jetpack_featured_media_url":"","jetpack_sharing_enabled":true,"_links":{"self":[{"href":"https:\/\/www.bahrain.ro\/blog\/wp-json\/wp\/v2\/posts\/1495","targetHints":{"allow":["GET"]}}],"collection":[{"href":"https:\/\/www.bahrain.ro\/blog\/wp-json\/wp\/v2\/posts"}],"about":[{"href":"https:\/\/www.bahrain.ro\/blog\/wp-json\/wp\/v2\/types\/post"}],"author":[{"embeddable":true,"href":"https:\/\/www.bahrain.ro\/blog\/wp-json\/wp\/v2\/users\/172"}],"replies":[{"embeddable":true,"href":"https:\/\/www.bahrain.ro\/blog\/wp-json\/wp\/v2\/comments?post=1495"}],"version-history":[{"count":1,"href":"https:\/\/www.bahrain.ro\/blog\/wp-json\/wp\/v2\/posts\/1495\/revisions"}],"predecessor-version":[{"id":1496,"href":"https:\/\/www.bahrain.ro\/blog\/wp-json\/wp\/v2\/posts\/1495\/revisions\/1496"}],"wp:attachment":[{"href":"https:\/\/www.bahrain.ro\/blog\/wp-json\/wp\/v2\/media?parent=1495"}],"wp:term":[{"taxonomy":"category","embeddable":true,"href":"https:\/\/www.bahrain.ro\/blog\/wp-json\/wp\/v2\/categories?post=1495"},{"taxonomy":"post_tag","embeddable":true,"href":"https:\/\/www.bahrain.ro\/blog\/wp-json\/wp\/v2\/tags?post=1495"}],"curies":[{"name":"wp","href":"https:\/\/api.w.org\/{rel}","templated":true}]}}