{"id":1078,"date":"2018-05-16T16:35:58","date_gmt":"2018-05-16T15:35:58","guid":{"rendered":"https:\/\/www.bahrain.ro\/blog\/?p=1078"},"modified":"2018-05-16T16:35:58","modified_gmt":"2018-05-16T15:35:58","slug":"qatar-airways-blockade","status":"publish","type":"post","link":"https:\/\/www.bahrain.ro\/blog\/2018\/05\/qatar-airways-blockade\/","title":{"rendered":"Qatar Airways Blockade"},"content":{"rendered":"<h1>Qatar Airways Boss Akbar Al Baker spricht vor dem Parlament der Europ\u00e4ischen Union<\/h1>\n<p><strong>Al Baker \u00e4u\u00dfert sich entt\u00e4uscht \u00fcber Stellungnahme der ICAO zur Blockade von Qatar.\u00a0<\/strong>Qatar Airways Group Chief Executive Akbar Al Baker hat gestern als erster Airline-Chef au\u00dferhalb der Europ\u00e4ischen Union pers\u00f6nlich vor dem Ausschuss f\u00fcr Verkehr und Fremdenverkehr (TRAN) des Europ\u00e4ischen Parlaments gesprochen.<\/p>\n<figure id=\"attachment_816\" aria-describedby=\"caption-attachment-816\" style=\"width: 640px\" class=\"wp-caption alignnone\"><img loading=\"lazy\" decoding=\"async\" class=\"size-large wp-image-816\" src=\"https:\/\/www.bahrain.ro\/blog\/wp-content\/uploads\/2017\/05\/Katar-Badeurlaub-1024x699.png\" alt=\"\" width=\"640\" height=\"437\" srcset=\"https:\/\/www.bahrain.ro\/blog\/wp-content\/uploads\/2017\/05\/Katar-Badeurlaub-1024x699.png 1024w, https:\/\/www.bahrain.ro\/blog\/wp-content\/uploads\/2017\/05\/Katar-Badeurlaub-300x205.png 300w, https:\/\/www.bahrain.ro\/blog\/wp-content\/uploads\/2017\/05\/Katar-Badeurlaub-768x524.png 768w, https:\/\/www.bahrain.ro\/blog\/wp-content\/uploads\/2017\/05\/Katar-Badeurlaub.png 1078w\" sizes=\"auto, (max-width: 640px) 100vw, 640px\" \/><figcaption id=\"caption-attachment-816\" class=\"wp-caption-text\">Baden in Katar &#8211; jetzt schwer f\u00fcr die Einwohner Bahrains<\/figcaption><\/figure>\n<p><!--more-->Al Baker nutze diese Gelegenheit, um das Europ\u00e4ische Parlament und den TRAN-Ausschuss, einschlie\u00dflich seiner derzeitigen Vorsitzenden Karima Delli, \u00fcber die anhaltende Blockade gegen den Staat Qatar durch das K\u00f6nigreich Saudi-Arabien, die Vereinigten Arabischen Emirate, das K\u00f6nigreich Bahrain und \u00c4gypten zu informieren. Akbar Al Baker wendete sich an das Publikum sowie an die hochrangigen Mitglieder des Ausschusses und berichtete aus erster Hand \u00fcber die Herausforderungen, die seit Beginn der Blockade aufgetreten sind. Er erl\u00e4uterte wie der Staat Qatar und Qatar Airways mit der Isolation umgehen.<\/p>\n<p>Das Jahr 2017 markiere einen Wendepunkt f\u00fcr Qatar, da das Land einer\u00a0 lsolationskampagne unterworfen gewesen sei, berichtete Al Baker und erkl\u00e4rte, dass er bei der Hauptversammlung der IATA (International Air Transport Association) in Cancun war, als sich die Ereignisse entwickelten. Nach seiner 22-st\u00fcndigen R\u00fcckreise habe er seiner F\u00fchrungsposition nachkommend umgehend an Ma\u00dfnahmen gefeilt, um angemessen auf diesen beispiellosen Akt zu reagieren.<\/p>\n<p>Die klare Absicht der blockierenden Staaten sei es, den Lebensunterhalt der Einwohner zu bedrohen, um somit die Wirtschaft des Landes zu gef\u00e4hrden.\u00a0 Da die 18 Luftkorridore umgehend auf nur zwei reduziert werden mussten, seien aufwendige Ma\u00dfnahmen notwendig gewesen, um einen sicheren Flugbetrieb von und nach Qatar zu gew\u00e4hrleisten. Inmitten des heiligen Monats Ramadan seien der normale Warenfluss und die Grundversorgung mit Medikamenten, Lebensmitteln und Wasser unterbrochen worden.<\/p>\n<p>Die B\u00fcros von Qatar Airways seien zwangsweise und ohne vorherige Ank\u00fcndigung durch die lokalen Beh\u00f6rden in den Blockadestaaten geschlossen worden.<br \/>\nIn seiner Rede verurteilte Al Baker die ICAO (Internationale Zivilluftfahrt-Organisation) f\u00fcr eine \u2013 wie er es nannte \u2013 \u201esch\u00fcchterne und entt\u00e4uschende Stellungnahme\u201c. Gleichzeitig forderte er die Welt auf, solche \u201er\u00fccksichtslosen politischen Man\u00f6ver, die gegen grundlegende Normen der internationalen Luftfahrt versto\u00dfen\u201c, zu verurteilen. W\u00e4hrend das Land mittlerweile fast ein Jahr unter der verh\u00e4ngten Blockade steht, sei Qatar Airways zu einem strategischen Pfeiler geworden, der die Inlandsversorgung sichere.<\/p>\n<p>Der TRAN-Ausschuss ist der f\u00fchrende Gesetzgebungsausschuss des Europ\u00e4ischen Parlaments, welcher f\u00fcr den Luftverkehr, die Schienen, die Stra\u00dfen und die Binnenschifffahrt sowie den Ausbau der transeurop\u00e4ischen Netze im Bereich der Verkehrsinfrastruktur zust\u00e4ndig ist.<\/p>\n<p>Qatar Airways hat eine starke wirtschaftliche Pr\u00e4senz in der Europ\u00e4ischen Union und bietet 1.100 Einwohnern Arbeitspl\u00e4tze, w\u00e4hrend die Vertr\u00e4ge mit dem Flugzeughersteller Airbus einen Wert von fast 27 Milliarden Euro betragen. Die Fluggesellschaft fliegt derzeit 31 Ziele in 21 Mitgliedsl\u00e4ndern der Europ\u00e4ischen Union an und verbindet die Passagiere mit ihrem Netzwerk von mehr als 150 Destinationen weltweit.<\/p>\n<p>Al Baker kam nach Br\u00fcssel aus Mailand angereist, wo er das erste Flugzeug von Air Italy in neuer Lackierung in Italien willkommen gehei\u00dfen hatte, das direkt vom Boeing Auslieferungszentrum in Everett bei Seattle kam. Qatar Airways hat ihr Engagement in Italien bereits 2017 mit dem Erwerb von 49 Prozent an der AQA Holding, der neuen Muttergesellschaft von Air Italy, verst\u00e4rkt.<\/p>\n<p>Um von Bahrain mit Qatar Airways zu fliegen, muss man von Bahrain nach Maskat oder Kuwait fliegen und dort umsteigen.<br \/>\nQatar Airways hat seine Statuskunden in den Blockade-Staaten im Stich gelassen und eiskalt die erflogenen Meilen verfallen lassen, obwohl die Passagiere weder f\u00fcr die Politik Katars noch der Blockadestaaten etwas k\u00f6nnen.<\/p>\n","protected":false},"excerpt":{"rendered":"<p>Qatar Airways Boss Akbar Al Baker spricht vor dem Parlament der Europ\u00e4ischen Union Al Baker \u00e4u\u00dfert sich entt\u00e4uscht \u00fcber Stellungnahme der ICAO zur Blockade von Qatar.\u00a0Qatar Airways Group Chief Executive Akbar Al Baker hat gestern als erster Airline-Chef au\u00dferhalb der Europ\u00e4ischen Union pers\u00f6nlich vor dem Ausschuss f\u00fcr Verkehr und Fremdenverkehr (TRAN) des Europ\u00e4ischen Parlaments gesprochen.<\/p>\n","protected":false},"author":172,"featured_media":908,"comment_status":"open","ping_status":"closed","sticky":false,"template":"","format":"standard","meta":{"jetpack_post_was_ever_published":false,"_jetpack_newsletter_access":"","_jetpack_dont_email_post_to_subs":false,"_jetpack_newsletter_tier_id":0,"_jetpack_memberships_contains_paywalled_content":false,"_jetpack_memberships_contains_paid_content":false,"footnotes":""},"categories":[45,79],"tags":[408,90],"class_list":["post-1078","post","type-post","status-publish","format-standard","has-post-thumbnail","hentry","category-kultur","category-reise","tag-blockade","tag-qatar-airways","entry"],"jetpack_featured_media_url":"https:\/\/www.bahrain.ro\/blog\/wp-content\/uploads\/2017\/06\/Bildschirmfoto-2017-06-28-um-20.48.53.png","jetpack_sharing_enabled":true,"_links":{"self":[{"href":"https:\/\/www.bahrain.ro\/blog\/wp-json\/wp\/v2\/posts\/1078","targetHints":{"allow":["GET"]}}],"collection":[{"href":"https:\/\/www.bahrain.ro\/blog\/wp-json\/wp\/v2\/posts"}],"about":[{"href":"https:\/\/www.bahrain.ro\/blog\/wp-json\/wp\/v2\/types\/post"}],"author":[{"embeddable":true,"href":"https:\/\/www.bahrain.ro\/blog\/wp-json\/wp\/v2\/users\/172"}],"replies":[{"embeddable":true,"href":"https:\/\/www.bahrain.ro\/blog\/wp-json\/wp\/v2\/comments?post=1078"}],"version-history":[{"count":1,"href":"https:\/\/www.bahrain.ro\/blog\/wp-json\/wp\/v2\/posts\/1078\/revisions"}],"predecessor-version":[{"id":1079,"href":"https:\/\/www.bahrain.ro\/blog\/wp-json\/wp\/v2\/posts\/1078\/revisions\/1079"}],"wp:featuredmedia":[{"embeddable":true,"href":"https:\/\/www.bahrain.ro\/blog\/wp-json\/wp\/v2\/media\/908"}],"wp:attachment":[{"href":"https:\/\/www.bahrain.ro\/blog\/wp-json\/wp\/v2\/media?parent=1078"}],"wp:term":[{"taxonomy":"category","embeddable":true,"href":"https:\/\/www.bahrain.ro\/blog\/wp-json\/wp\/v2\/categories?post=1078"},{"taxonomy":"post_tag","embeddable":true,"href":"https:\/\/www.bahrain.ro\/blog\/wp-json\/wp\/v2\/tags?post=1078"}],"curies":[{"name":"wp","href":"https:\/\/api.w.org\/{rel}","templated":true}]}}